{"id":286,"date":"2012-10-25T13:54:51","date_gmt":"2012-10-25T11:54:51","guid":{"rendered":"http:\/\/mr-spaceartist.com\/painter\/?p=286"},"modified":"2013-07-24T19:18:56","modified_gmt":"2013-07-24T17:18:56","slug":"kennen-sie-zdenek-burian-1905-1981","status":"publish","type":"post","link":"https:\/\/mr-spaceartist.com\/painter\/artists\/kennen-sie-zdenek-burian-1905-1981\/","title":{"rendered":"Kennen Sie Zden\u011bk Burian? (1905-1981)"},"content":{"rendered":"<div class=\"separator\" style=\"clear: both; text-align: center;\"><a style=\"margin-left: 1em; margin-right: 1em;\" href=\"http:\/\/farm4.staticflickr.com\/3044\/5869213890_a507c1cfc6_b.jpg\"><img loading=\"lazy\" decoding=\"async\" alt=\"\" src=\"http:\/\/farm4.staticflickr.com\/3044\/5869213890_a507c1cfc6_b.jpg\" width=\"494\" height=\"640\" border=\"0\" \/><\/a><\/div>\n<div class=\"separator\" style=\"clear: both; text-align: center;\"><\/div>\n<p>Ber\u00fchmt ist Zden\u011bk Burian vor allem f\u00fcr seine pr\u00e4historischen Gem\u00e4lde und Zeichnungen. Er hat aber auch die B\u00fccher von Karl May, Jules Verne, James Fenimore Cooper, Jack London und Daniel Defoe illustriert. Auf <a href=\"http:\/\/www.j-verne.de\/verne_burian.html\" target=\"_blank\">Andreas Fehrmanns Webseite<\/a> \u00fcber Jules Verne findet man einen l\u00e4ngeren Artikel \u00fcber Zden\u011bk Burian und einige seiner Titelbilder. Dort sind auch weiterf\u00fchrende Links zu Webseiten, die sich mit dem Leben und Werk des K\u00fcnstlers besch\u00e4ftigen.<\/p>\n<div class=\"separator\" style=\"clear: both; text-align: left;\"><\/div>\n<table class=\"tr-caption-container\" style=\"margin-left: auto; margin-right: auto; text-align: center;\" cellspacing=\"0\" cellpadding=\"0\" align=\"center\">\n<tbody>\n<tr>\n<td style=\"text-align: center;\"><a style=\"margin-left: auto; margin-right: auto;\" href=\"http:\/\/farm6.staticflickr.com\/5217\/5521459292_622788aef9_b.jpg\"><img loading=\"lazy\" decoding=\"async\" alt=\"\" src=\"http:\/\/farm6.staticflickr.com\/5217\/5521459292_622788aef9_b.jpg\" width=\"552\" height=\"640\" border=\"0\" \/><\/a><\/td>\n<\/tr>\n<tr>\n<td class=\"tr-caption\" style=\"text-align: center;\">ARCHEOPTERIX<\/td>\n<\/tr>\n<\/tbody>\n<\/table>\n<table class=\"tr-caption-container\" style=\"margin-left: auto; margin-right: auto; text-align: center;\" cellspacing=\"0\" cellpadding=\"0\" align=\"center\">\n<tbody>\n<tr>\n<td style=\"text-align: center;\"><a style=\"margin-left: auto; margin-right: auto;\" href=\"http:\/\/farm6.staticflickr.com\/5188\/5548702647_940e8ab1b6_b.jpg\"><img loading=\"lazy\" decoding=\"async\" alt=\"\" src=\"http:\/\/farm6.staticflickr.com\/5188\/5548702647_940e8ab1b6_b.jpg\" width=\"640\" height=\"414\" border=\"0\" \/><\/a><\/td>\n<\/tr>\n<tr>\n<td class=\"tr-caption\" style=\"text-align: center;\">NEANDERTHALER<\/td>\n<\/tr>\n<\/tbody>\n<\/table>\n<p>Alle Rechte der Bilder von Zden\u011bk Burian liegen heute bei den Copyrightinhabern <a href=\"http:\/\/www.zdenekburian.com\/\" target=\"_blank\">Ji\u0159\u00ed und Martin Hochman<\/a>.<\/p>\n<div class=\"separator\" style=\"clear: both; text-align: center;\"><a style=\"margin-left: 1em; margin-right: 1em;\" href=\"http:\/\/farm7.staticflickr.com\/6012\/6196415679_e4993987df_b.jpg\"><img loading=\"lazy\" decoding=\"async\" alt=\"\" src=\"http:\/\/farm7.staticflickr.com\/6012\/6196415679_e4993987df_b.jpg\" width=\"640\" height=\"500\" border=\"0\" \/><\/a><\/div>\n<div class=\"separator\" style=\"clear: both; text-align: center;\"><\/div>\n<div class=\"separator\" style=\"clear: both; text-align: center;\"><a style=\"margin-left: 1em; margin-right: 1em;\" href=\"http:\/\/farm6.staticflickr.com\/5230\/5549282966_bb3bf93a08_b.jpg\"><img loading=\"lazy\" decoding=\"async\" alt=\"\" src=\"http:\/\/farm6.staticflickr.com\/5230\/5549282966_bb3bf93a08_b.jpg\" width=\"640\" height=\"568\" border=\"0\" \/><\/a><\/div>\n<div class=\"separator\" style=\"clear: both; text-align: center;\"><\/div>\n<p>In der tschechischen Gemeinde <a href=\"http:\/\/www.stramberk.cz\/index_de.php\" target=\"_blank\">\u0160tramberk<\/a>, in der Zden\u011bk Burian bis zu seinem Tod im Jahre 1981 gelebt hat, befindet sich das <a href=\"http:\/\/www.stramberk.cz\/historie\/index_de.php?akce=de\/vl_muzeum\" target=\"_blank\">Museum Novoji\u010d\u00ednska<\/a>. Zum 30. Todestag des K\u00fcnstlers, hat man im Jahr 2011 eine st\u00e4ndige Ausstellung mit den Gem\u00e4lden und Illustrationen von <a title=\"Eintrag in der Wikipedia \u00fcber Zdenek Burian\" href=\"http:\/\/de.wikipedia.org\/w\/index.php?title=Zden%C4%9Bk_Burian&amp;oldid=118886952\" target=\"_blank\">Zdenek Burian<\/a> eingerichtet.<\/p>\n<div class=\"separator\" style=\"clear: both; text-align: center;\"><\/div>\n<div class=\"separator\" style=\"clear: both; text-align: center;\"><a style=\"margin-left: 1em; margin-right: 1em;\" href=\"http:\/\/farm7.staticflickr.com\/6013\/5926540667_0b1748e67a_b.jpg\"><img loading=\"lazy\" decoding=\"async\" alt=\"\" src=\"http:\/\/farm7.staticflickr.com\/6013\/5926540667_0b1748e67a_b.jpg\" width=\"454\" height=\"640\" border=\"0\" \/><\/a><\/div>\n<div class=\"separator\" style=\"clear: both; text-align: center;\"><\/div>\n<table class=\"tr-caption-container\" style=\"margin-left: auto; margin-right: auto; text-align: center;\" cellspacing=\"0\" cellpadding=\"0\" align=\"center\">\n<tbody>\n<tr>\n<td style=\"text-align: center;\"><a style=\"margin-left: auto; margin-right: auto;\" href=\"http:\/\/farm8.staticflickr.com\/7093\/7168250604_5951f4141f_b.jpg\"><img loading=\"lazy\" decoding=\"async\" alt=\"\" src=\"http:\/\/farm8.staticflickr.com\/7093\/7168250604_5951f4141f_b.jpg\" width=\"640\" height=\"450\" border=\"0\" \/><\/a><\/td>\n<\/tr>\n<tr>\n<td class=\"tr-caption\" style=\"text-align: center;\">EDAPHOSAURUS<\/td>\n<\/tr>\n<\/tbody>\n<\/table>\n<p>&nbsp;<\/p>\n","protected":false},"excerpt":{"rendered":"<p>Ber\u00fchmt ist Zden\u011bk Burian vor allem f\u00fcr seine pr\u00e4historischen Gem\u00e4lde und Zeichnungen. Er hat aber auch die B\u00fccher von Karl May, Jules Verne, James Fenimore Cooper, Jack London und Daniel Defoe illustriert. Auf Andreas Fehrmanns Webseite \u00fcber Jules Verne findet man einen l\u00e4ngeren Artikel \u00fcber Zden\u011bk Burian und einige seiner Titelbilder. Dort sind auch weiterf\u00fchrende Links zu Webseiten, die sich mit dem Leben und Werk des K\u00fcnstlers besch\u00e4ftigen.<\/p>\n","protected":false},"author":6,"featured_media":0,"comment_status":"open","ping_status":"open","sticky":false,"template":"","format":"standard","meta":{"footnotes":""},"categories":[146],"tags":[121,188,135,33,59,187,186,185,184,55,54,52,58,183],"class_list":["post-286","post","type-post","status-publish","format-standard","hentry","category-artists","tag-ausstellung","tag-daniel-defoe","tag-flickr","tag-illustration","tag-illustrator","tag-jack-london","tag-james-fenimore-cooper","tag-jules-verne","tag-karl-may","tag-kennen-sie","tag-kunstler","tag-maler","tag-malerei","tag-zdenek-burian"],"_links":{"self":[{"href":"https:\/\/mr-spaceartist.com\/painter\/wp-json\/wp\/v2\/posts\/286","targetHints":{"allow":["GET"]}}],"collection":[{"href":"https:\/\/mr-spaceartist.com\/painter\/wp-json\/wp\/v2\/posts"}],"about":[{"href":"https:\/\/mr-spaceartist.com\/painter\/wp-json\/wp\/v2\/types\/post"}],"author":[{"embeddable":true,"href":"https:\/\/mr-spaceartist.com\/painter\/wp-json\/wp\/v2\/users\/6"}],"replies":[{"embeddable":true,"href":"https:\/\/mr-spaceartist.com\/painter\/wp-json\/wp\/v2\/comments?post=286"}],"version-history":[{"count":0,"href":"https:\/\/mr-spaceartist.com\/painter\/wp-json\/wp\/v2\/posts\/286\/revisions"}],"wp:attachment":[{"href":"https:\/\/mr-spaceartist.com\/painter\/wp-json\/wp\/v2\/media?parent=286"}],"wp:term":[{"taxonomy":"category","embeddable":true,"href":"https:\/\/mr-spaceartist.com\/painter\/wp-json\/wp\/v2\/categories?post=286"},{"taxonomy":"post_tag","embeddable":true,"href":"https:\/\/mr-spaceartist.com\/painter\/wp-json\/wp\/v2\/tags?post=286"}],"curies":[{"name":"wp","href":"https:\/\/api.w.org\/{rel}","templated":true}]}}