{"id":4354,"date":"2013-02-23T13:06:00","date_gmt":"2013-02-23T12:06:00","guid":{"rendered":"http:\/\/mr-spaceartist.com\/painter\/?p=4354"},"modified":"2013-02-23T20:06:09","modified_gmt":"2013-02-23T19:06:09","slug":"was-der-stoersender-tv-werden-kann","status":"publish","type":"post","link":"https:\/\/mr-spaceartist.com\/painter\/nachrichten\/was-der-stoersender-tv-werden-kann\/","title":{"rendered":"Was der Stoersender.tv werden kann"},"content":{"rendered":"<blockquote><p>Wenn Dieter Hildebrandt zum St\u00f6ren aufruft, ist Frank-Markus Barwasser alias Erwin Pelzig nicht weit. Auch Georg Schramm und Roger Willemsen haben schon seit L\u00e4ngerem zugesagt. Inzwischen sind sehr viele gro\u00dfartige K\u00fcnstler Feuer und Flamme und wollen das St\u00f6rkraftwerk anheizen. In alphabetischer Reihenfolge:<\/p>\n<p>Michael Altinger, HG.Butzko, Bruno Egli, Ottfried Fischer, Monika Gruber, Luise Kinseher, Sandra Kreisler, Ecco Meineke, Maria Peschek, Gerhard Polt, Urban Priol, Helmut Schleich, Martina Schwarzmann, Ludo Vici, Claus von Wagner, Konstantin Wecker, Hans Well, Sigi Zimmerschied.<\/p>\n<p>Da es sich nicht um eine Verlegung des politischen Kabaretts ins Netz handelt, sondern um eine Plattform, in der wir Kritische Geister versammeln m\u00f6chten, sind nat\u00fcrlich auch NGOs, Journalisten und politische Bands f\u00fcr das Programm und nicht zuletzt f\u00fcrs St\u00f6ren vorgesehen ! Das Netzwerk entsteht peu \u00e0 peu !<\/p><\/blockquote>\n<p><iframe loading=\"lazy\" src=\"https:\/\/w.soundcloud.com\/player\/?url=http%3A%2F%2Fapi.soundcloud.com%2Ftracks%2F72364992\" height=\"166\" width=\"100%\" frameborder=\"no\" scrolling=\"no\"><\/iframe><\/p>\n<p>Da bin ich mal gespannt! Wenn es so \u00e4hnlich wird wie <a title=\"Link zu Fernsehkritik.tv\" href=\"http:\/\/fernsehkritik.tv\/tv-magazin\/\">Fernsehkritik.tv<\/a> dann w\u00e4re das schon die halbe Miete. Zumindest f\u00fcr mich. Auf Youtube gibt es auch schon einen Kanal mit Namen <a title=\"Zum Kanal auf Youtube\" href=\"http:\/\/www.youtube.com\/stoersendertv\">stoersendertv<\/a> und dort findet man auch noch einige Videos mehr.<\/p>\n<p>Und auf <a title=\"Mehr Infos zum geplanten Stoersender.tv\" href=\"http:\/\/www.startnext.de\/stoersender\">startnext.de<\/a>, einer Plattform f\u00fcr Crowdfunding, wird flei\u00dfig Geld gesammelt. Dort gibt es auch noch mehr Informationen zum geplanten Format!<\/p>\n<p>&nbsp;<\/p>\n","protected":false},"excerpt":{"rendered":"<p>Wenn Dieter Hildebrandt zum St\u00f6ren aufruft, ist Frank-Markus Barwasser alias Erwin Pelzig nicht weit. Auch Georg Schramm und Roger Willemsen haben schon seit L\u00e4ngerem zugesagt. Inzwischen sind sehr viele gro\u00dfartige K\u00fcnstler Feuer und Flamme und wollen das St\u00f6rkraftwerk anheizen. In alphabetischer Reihenfolge: Michael Altinger, HG.Butzko, Bruno Egli, Ottfried Fischer, Monika Gruber, Luise Kinseher, Sandra Kreisler, [&hellip;]<\/p>\n","protected":false},"author":6,"featured_media":0,"comment_status":"open","ping_status":"open","sticky":false,"template":"","format":"standard","meta":{"footnotes":""},"categories":[156],"tags":[572,232,577,576,574,575,571,573],"class_list":["post-4354","post","type-post","status-publish","format-standard","hentry","category-nachrichten","tag-fernsehkritik-tv","tag-georg-schramm","tag-journalismus","tag-netzwerk","tag-ngo","tag-plattfrom","tag-stoersender-tv","tag-urban-priol"],"_links":{"self":[{"href":"https:\/\/mr-spaceartist.com\/painter\/wp-json\/wp\/v2\/posts\/4354","targetHints":{"allow":["GET"]}}],"collection":[{"href":"https:\/\/mr-spaceartist.com\/painter\/wp-json\/wp\/v2\/posts"}],"about":[{"href":"https:\/\/mr-spaceartist.com\/painter\/wp-json\/wp\/v2\/types\/post"}],"author":[{"embeddable":true,"href":"https:\/\/mr-spaceartist.com\/painter\/wp-json\/wp\/v2\/users\/6"}],"replies":[{"embeddable":true,"href":"https:\/\/mr-spaceartist.com\/painter\/wp-json\/wp\/v2\/comments?post=4354"}],"version-history":[{"count":0,"href":"https:\/\/mr-spaceartist.com\/painter\/wp-json\/wp\/v2\/posts\/4354\/revisions"}],"wp:attachment":[{"href":"https:\/\/mr-spaceartist.com\/painter\/wp-json\/wp\/v2\/media?parent=4354"}],"wp:term":[{"taxonomy":"category","embeddable":true,"href":"https:\/\/mr-spaceartist.com\/painter\/wp-json\/wp\/v2\/categories?post=4354"},{"taxonomy":"post_tag","embeddable":true,"href":"https:\/\/mr-spaceartist.com\/painter\/wp-json\/wp\/v2\/tags?post=4354"}],"curies":[{"name":"wp","href":"https:\/\/api.w.org\/{rel}","templated":true}]}}