{"id":4912,"date":"2013-05-04T12:00:00","date_gmt":"2013-05-04T10:00:00","guid":{"rendered":"http:\/\/mr-spaceartist.com\/painter\/?p=4912"},"modified":"2013-07-31T11:10:29","modified_gmt":"2013-07-31T09:10:29","slug":"netzneutralitat-von-uebermorgen","status":"publish","type":"post","link":"https:\/\/mr-spaceartist.com\/painter\/nachrichten\/netzneutralitat-von-uebermorgen\/","title":{"rendered":"Netzneutralit\u00e4t von Uebermorgen"},"content":{"rendered":"<p><strong>Abschaffung der Flatrate<\/strong><br \/>\nTja, die Deutsche Telekom AG schraubt flei\u00dfig an der Downloadgeschindigkeit. Aber warum soll sich Otto Normalsurfer da aufregen. Es ist ja nur ein Gesch\u00e4ftsmodell, schlie\u00dflich will die Firma ja Geld f\u00fcr ihre Aktion\u00e4re verdienen. Und au\u00dferdem haben die Leute von der Telekom das nur von den Mobilfunkanbietern abgeguckt, die machen das schon viel l\u00e4nger so.<\/p>\n<p>Wer&#8217;s glaubt wird selig. Was die Deutsche Telekom da macht ist ein Angriff auf die <a title=\"Was Wikipedia \u00fcber den Begriff der Netzneutralit\u00e4t wei\u00df\" href=\"http:\/\/de.wikipedia.org\/w\/index.php?title=Netzneutralit%C3%A4t&amp;oldid=117984233\" target=\"_blank\">Netzneutralit\u00e4t<\/a>!<\/p>\n<p><strong>\u00dcber Netzneutralit\u00e4t von Uebermorgen.TV &#8211; Folge 12<\/strong><br \/>\nEs ist kaum zu glauben, aber dieser nicht mal sieben Minuten kurze Videoclip von Uebermorgen.TV stammt aus dem Jahre 2011! Die Macher erkl\u00e4ren nicht nur was Netzneutralit\u00e4t bedeutet, sondern zeigen auch die Folgen der Aufgabe dieses Grundpfeilers des Internets auf.<\/p>\n<div class=\"lyte-wrapper fourthree\" style=\"width:480px;max-width:100%;margin:5px;\"><div class=\"lyMe\" id=\"WYL_8GJeLW7Bh7E\"><div id=\"lyte_8GJeLW7Bh7E\" data-src=\"\/\/i.ytimg.com\/vi\/8GJeLW7Bh7E\/hqdefault.jpg\" class=\"pL\"><div class=\"tC\"><div class=\"tT\"><\/div><\/div><div class=\"play\"><\/div><div class=\"ctrl\"><div class=\"Lctrl\"><\/div><div class=\"Rctrl\"><\/div><\/div><\/div><noscript><a href=\"https:\/\/youtu.be\/8GJeLW7Bh7E\" rel=\"nofollow\"><img loading=\"lazy\" decoding=\"async\" src=\"https:\/\/i.ytimg.com\/vi\/8GJeLW7Bh7E\/0.jpg\" alt=\"\" width=\"480\" height=\"340\" \/><br \/>Dieses Video auf YouTube ansehen<\/a><\/noscript><\/div><\/div><div class=\"lL\" style=\"max-width:100%;width:480px;margin:5px;\"><\/div><\/p>\n<p><strong>Feinster Bewegtbildjournalismus seit 2008<\/strong><br \/>\n<a title=\"Zu den Folgen von Uebermorgen.TV auf youtube\" href=\"http:\/\/www.youtube.com\/user\/BlinkenTV\" target=\"_blank\">Uebermorgen.TV<\/a> ist ein Projekt von Grimme-Online-Preistr\u00e4ger <a title=\"Wikipedia Eintrag zu Marius Sixtus\" href=\"http:\/\/de.wikipedia.org\/w\/index.php?title=Mario_Sixtus&amp;oldid=117369757\" target=\"_blank\">Marius Sixtus<\/a> und seiner Firma <a title=\"Zur Homepage von Blinkenlichten GmbH\" href=\"http:\/\/blinkenlichten.com\/\" target=\"_blank\">Blinkenlichten Produktionen GmbH &amp; Co. KG<\/a>. Ein anderes Format ist sein <a title=\"\u00dcber den elektrischen Reporter\" href=\"http:\/\/de.wikipedia.org\/w\/index.php?title=Elektrischer_Reporter&amp;oldid=114008513\" target=\"_blank\">elektrischer Reporter<\/a>, noch eine sehenswerte Perle des WWW.<\/p>\n<p>&nbsp;<\/p>\n","protected":false},"excerpt":{"rendered":"<p>Abschaffung der Flatrate Tja, die Deutsche Telekom AG schraubt flei\u00dfig an der Downloadgeschindigkeit. Aber warum soll sich Otto Normalsurfer da aufregen. Es ist ja nur ein Gesch\u00e4ftsmodell, schlie\u00dflich will die Firma ja Geld f\u00fcr ihre Aktion\u00e4re verdienen. Und au\u00dferdem haben die Leute von der Telekom das nur von den Mobilfunkanbietern abgeguckt, die machen das schon [&hellip;]<\/p>\n","protected":false},"author":6,"featured_media":0,"comment_status":"open","ping_status":"open","sticky":false,"template":"","format":"standard","meta":{"footnotes":""},"categories":[156],"tags":[701,699,698,700,697,695,696],"class_list":["post-4912","post","type-post","status-publish","format-standard","hentry","category-nachrichten","tag-701","tag-blinkenlichten","tag-deutsche-telekom-ag","tag-elektrischer-reporter","tag-marius-sixtus","tag-netzneutralitat","tag-uebermorgen-tv"],"_links":{"self":[{"href":"https:\/\/mr-spaceartist.com\/painter\/wp-json\/wp\/v2\/posts\/4912","targetHints":{"allow":["GET"]}}],"collection":[{"href":"https:\/\/mr-spaceartist.com\/painter\/wp-json\/wp\/v2\/posts"}],"about":[{"href":"https:\/\/mr-spaceartist.com\/painter\/wp-json\/wp\/v2\/types\/post"}],"author":[{"embeddable":true,"href":"https:\/\/mr-spaceartist.com\/painter\/wp-json\/wp\/v2\/users\/6"}],"replies":[{"embeddable":true,"href":"https:\/\/mr-spaceartist.com\/painter\/wp-json\/wp\/v2\/comments?post=4912"}],"version-history":[{"count":0,"href":"https:\/\/mr-spaceartist.com\/painter\/wp-json\/wp\/v2\/posts\/4912\/revisions"}],"wp:attachment":[{"href":"https:\/\/mr-spaceartist.com\/painter\/wp-json\/wp\/v2\/media?parent=4912"}],"wp:term":[{"taxonomy":"category","embeddable":true,"href":"https:\/\/mr-spaceartist.com\/painter\/wp-json\/wp\/v2\/categories?post=4912"},{"taxonomy":"post_tag","embeddable":true,"href":"https:\/\/mr-spaceartist.com\/painter\/wp-json\/wp\/v2\/tags?post=4912"}],"curies":[{"name":"wp","href":"https:\/\/api.w.org\/{rel}","templated":true}]}}