{"id":5338,"date":"2013-09-15T11:58:58","date_gmt":"2013-09-15T09:58:58","guid":{"rendered":"http:\/\/mr-spaceartist.com\/painter\/?p=5338"},"modified":"2013-09-15T12:00:14","modified_gmt":"2013-09-15T10:00:14","slug":"stoersender-tv-folgen-11-und-12","status":"publish","type":"post","link":"https:\/\/mr-spaceartist.com\/painter\/nachrichten\/stoersender-tv-folgen-11-und-12\/","title":{"rendered":"stoersender.tv &#8211; Folgen 11 und 12"},"content":{"rendered":"<p><strong>Folge 11: Stoertalk in Spielfilml\u00e4nge<\/strong><br \/>\nNoch eine Quasselrunde im TV? Nein, diesmal nicht! Folge 11 von <a title=\"Zur Webseite des St\u00f6rsenders\" href=\"http:\/\/www.stoersender.tv\/home.html\" target=\"_blank\">stoersender.tv<\/a> ist eine ganz andere Talkshow. Ich fand die knapp 90 Minuten recht erfrischend, zumal auch wieder <a title=\"Wikipedia erkl\u00e4rt den Begriff Lobbyismus\" href=\"http:\/\/de.wikipedia.org\/w\/index.php?title=Lobbyismus&amp;oldid=122359409\" target=\"_blank\">Lobbyismus <\/a>thematisiert wurde. Mein einziger Kritikpunkt ist die m\u00e4\u00dfige Bild- und Tonqualit\u00e4t.<\/p>\n<div class=\"lyte-wrapper fourthree\" style=\"width:480px;max-width:100%;margin:5px;\"><div class=\"lyMe\" id=\"WYL_BdcxTNPL6YA\"><div id=\"lyte_BdcxTNPL6YA\" data-src=\"\/\/i.ytimg.com\/vi\/BdcxTNPL6YA\/hqdefault.jpg\" class=\"pL\"><div class=\"tC\"><div class=\"tT\"><\/div><\/div><div class=\"play\"><\/div><div class=\"ctrl\"><div class=\"Lctrl\"><\/div><div class=\"Rctrl\"><\/div><\/div><\/div><noscript><a href=\"https:\/\/youtu.be\/BdcxTNPL6YA\" rel=\"nofollow\"><img loading=\"lazy\" decoding=\"async\" src=\"https:\/\/i.ytimg.com\/vi\/BdcxTNPL6YA\/0.jpg\" alt=\"\" width=\"480\" height=\"340\" \/><br \/>Dieses Video auf YouTube ansehen<\/a><\/noscript><\/div><\/div><div class=\"lL\" style=\"max-width:100%;width:480px;margin:5px;\"><\/div><\/p>\n<p>&nbsp;<\/p>\n<p><strong>Folge 12: Demo UMfairTEILEN<\/strong><br \/>\nGestern fanden die Demos der Kampagne <a title=\"Webseite der Kampagne UmFAIRteilen\" href=\"http:\/\/umfairteilen.de\/start\/home\/\" target=\"_blank\">umFAIRteilen<\/a> statt. Am 13. September ver\u00f6ffentlichte stoersender.tv genau zu diesem Thema die Folge 12. Ein bisschen sp\u00e4t zwar, aber ich bin mit meinen Blogeintrag ja auch sp\u00e4t dran.<\/p>\n<div class=\"lyte-wrapper fourthree\" style=\"width:480px;max-width:100%;margin:5px;\"><div class=\"lyMe\" id=\"WYL_TFAcB7PZl7M\"><div id=\"lyte_TFAcB7PZl7M\" data-src=\"\/\/i.ytimg.com\/vi\/TFAcB7PZl7M\/hqdefault.jpg\" class=\"pL\"><div class=\"tC\"><div class=\"tT\"><\/div><\/div><div class=\"play\"><\/div><div class=\"ctrl\"><div class=\"Lctrl\"><\/div><div class=\"Rctrl\"><\/div><\/div><\/div><noscript><a href=\"https:\/\/youtu.be\/TFAcB7PZl7M\" rel=\"nofollow\"><img loading=\"lazy\" decoding=\"async\" src=\"https:\/\/i.ytimg.com\/vi\/TFAcB7PZl7M\/0.jpg\" alt=\"\" width=\"480\" height=\"340\" \/><br \/>Dieses Video auf YouTube ansehen<\/a><\/noscript><\/div><\/div><div class=\"lL\" style=\"max-width:100%;width:480px;margin:5px;\"><\/div><\/p>\n<p>&nbsp;<\/p>\n","protected":false},"excerpt":{"rendered":"<p>Folge 11: Stoertalk in Spielfilml\u00e4nge<br \/>\nNoch eine Quasselrunde im TV? Nein, diesmal nicht! Folge 11 von stoersender.tv war mal eine ganz andere Talkshow. Ich fand die knapp 90 Minuten recht erfrischend, zumal auch wieder Lobbyismus thematisiert wurde. Mein einziger Kritikpunkt ist die m\u00e4\u00dfige Bild- und Tonqualit\u00e4t.<\/p>\n<p>Folge 12: Demo UMfairTEILEN<br \/>\nGestern fanden die Demos der Kampagne umFAIRteilen statt. Am 13. September ver\u00f6ffentlichte stoersender.tv genau zu diesem Thema die Folge 12. Ein bisschen sp\u00e4t zwar, aber ich bin mit meinen Blogeintrag ja auch sp\u00e4t dran.<\/p>\n","protected":false},"author":6,"featured_media":0,"comment_status":"open","ping_status":"open","sticky":false,"template":"","format":"standard","meta":{"footnotes":""},"categories":[156],"tags":[956,958,664,951,954,955,929,953,952,571,950,957],"class_list":["post-5338","post","type-post","status-publish","format-standard","hentry","category-nachrichten","tag-demo","tag-demonstration","tag-dieter-hildebrandt","tag-folge-11","tag-folge-12","tag-harald-welzer","tag-lobbyismus","tag-richard-gutjahr","tag-sandra-kreisler","tag-stoersender-tv","tag-stoertalk","tag-umfairteilen"],"_links":{"self":[{"href":"https:\/\/mr-spaceartist.com\/painter\/wp-json\/wp\/v2\/posts\/5338","targetHints":{"allow":["GET"]}}],"collection":[{"href":"https:\/\/mr-spaceartist.com\/painter\/wp-json\/wp\/v2\/posts"}],"about":[{"href":"https:\/\/mr-spaceartist.com\/painter\/wp-json\/wp\/v2\/types\/post"}],"author":[{"embeddable":true,"href":"https:\/\/mr-spaceartist.com\/painter\/wp-json\/wp\/v2\/users\/6"}],"replies":[{"embeddable":true,"href":"https:\/\/mr-spaceartist.com\/painter\/wp-json\/wp\/v2\/comments?post=5338"}],"version-history":[{"count":0,"href":"https:\/\/mr-spaceartist.com\/painter\/wp-json\/wp\/v2\/posts\/5338\/revisions"}],"wp:attachment":[{"href":"https:\/\/mr-spaceartist.com\/painter\/wp-json\/wp\/v2\/media?parent=5338"}],"wp:term":[{"taxonomy":"category","embeddable":true,"href":"https:\/\/mr-spaceartist.com\/painter\/wp-json\/wp\/v2\/categories?post=5338"},{"taxonomy":"post_tag","embeddable":true,"href":"https:\/\/mr-spaceartist.com\/painter\/wp-json\/wp\/v2\/tags?post=5338"}],"curies":[{"name":"wp","href":"https:\/\/api.w.org\/{rel}","templated":true}]}}