{"id":5514,"date":"2014-01-11T10:53:01","date_gmt":"2014-01-11T09:53:01","guid":{"rendered":"http:\/\/mr-spaceartist.com\/painter\/?p=5514"},"modified":"2014-01-11T12:33:48","modified_gmt":"2014-01-11T11:33:48","slug":"5514","status":"publish","type":"post","link":"https:\/\/mr-spaceartist.com\/painter\/nachrichten\/5514\/","title":{"rendered":"WDR 2 Radio &#8211; Kabarett zum Mitnehmen"},"content":{"rendered":"<p><strong>Satirisches Intermezzo<\/strong><\/p>\n<blockquote><p>&#8220;Jeden Tag um zehn vor elf bringt Ihnen WDR 2 ein kleines <a title=\"Zum WDR 2 Kabarett\" href=\"http:\/\/www1.wdr.de\/radio\/podcasts\/wdr2\/kabarett132.html\" target=\"_blank\">satirisches Intermezzo<\/a> ins Haus.&#8221;<\/p><\/blockquote>\n<p>Jeden Tag? Nein, nicht jeden Tag. Hier mal der Wochenplan mit den Links zu den einzelnen Webseiten beim WDR:<\/p>\n<p>Montag<br \/>\n<a title=\"Kein Typ f\u00fcr nette Stunden \" href=\"http:\/\/www.wdr2.de\/unterhaltung\/kabarett\/wilfried_schmickler100.html\" target=\"_blank\">Wilfried Schmickler<\/a><\/p>\n<p>Dienstag<br \/>\n<a title=\"Er regt sich immer auf\" href=\"http:\/\/www.wdr2.de\/unterhaltung\/kabarett\/nils_heinrich100.html\" target=\"_blank\">Nils Heinrich<\/a><\/p>\n<p>Mittwoch<br \/>\n<a title=\"Post von Fritz Eckenga\" href=\"http:\/\/www.wdr2.de\/unterhaltung\/kabarett\/fritz_eckenga100.html\" target=\"_blank\">Fritz Eckenga<\/a><\/p>\n<p>Donnerstag<br \/>\n<a title=\"Es geht Nuhr nach vorn\" href=\"http:\/\/www.wdr2.de\/unterhaltung\/kabarett\/dieter_nuhr100.html\" target=\"_blank\">Dieter Nuhr<\/a><\/p>\n<p>Freitags<br \/>\n<a title=\"&quot;Herr J\u00fcnemann, Fr\u00fchst\u00fcckspause!&quot;\" href=\"http:\/\/www.wdr2.de\/unterhaltung\/kabarett\/fruehstueckspause100.html\" target=\"_blank\">J\u00fcrgen Becker und Didi J\u00fcnemann<\/a><\/p>\n<p>&nbsp;<\/p>\n","protected":false},"excerpt":{"rendered":"<p>Satirisches Intermezzo<\/p>\n","protected":false},"author":6,"featured_media":0,"comment_status":"open","ping_status":"open","sticky":false,"template":"","format":"standard","meta":{"footnotes":""},"categories":[156],"tags":[1107,616,617,1106,1108,1051,1109,615,842,178,618],"class_list":["post-5514","post","type-post","status-publish","format-standard","hentry","category-nachrichten","tag-didi-juenemann","tag-dieter-nuhr","tag-fritz-eckenga","tag-intermezzo","tag-juergen-becker","tag-kabarett","tag-nils-heinrich","tag-radio","tag-satire","tag-wdr","tag-wilfried-schmickler"],"_links":{"self":[{"href":"https:\/\/mr-spaceartist.com\/painter\/wp-json\/wp\/v2\/posts\/5514","targetHints":{"allow":["GET"]}}],"collection":[{"href":"https:\/\/mr-spaceartist.com\/painter\/wp-json\/wp\/v2\/posts"}],"about":[{"href":"https:\/\/mr-spaceartist.com\/painter\/wp-json\/wp\/v2\/types\/post"}],"author":[{"embeddable":true,"href":"https:\/\/mr-spaceartist.com\/painter\/wp-json\/wp\/v2\/users\/6"}],"replies":[{"embeddable":true,"href":"https:\/\/mr-spaceartist.com\/painter\/wp-json\/wp\/v2\/comments?post=5514"}],"version-history":[{"count":0,"href":"https:\/\/mr-spaceartist.com\/painter\/wp-json\/wp\/v2\/posts\/5514\/revisions"}],"wp:attachment":[{"href":"https:\/\/mr-spaceartist.com\/painter\/wp-json\/wp\/v2\/media?parent=5514"}],"wp:term":[{"taxonomy":"category","embeddable":true,"href":"https:\/\/mr-spaceartist.com\/painter\/wp-json\/wp\/v2\/categories?post=5514"},{"taxonomy":"post_tag","embeddable":true,"href":"https:\/\/mr-spaceartist.com\/painter\/wp-json\/wp\/v2\/tags?post=5514"}],"curies":[{"name":"wp","href":"https:\/\/api.w.org\/{rel}","templated":true}]}}